{"id":3049,"date":"2010-10-23T15:46:18","date_gmt":"2010-10-23T13:46:18","guid":{"rendered":"http:\/\/www.extrasims.es\/web\/?p=3049"},"modified":"2022-10-22T14:40:41","modified_gmt":"2022-10-22T12:40:41","slug":"contraportada-y-4-nuevas-imagenes-de-acln","status":"publish","type":"post","link":"http:\/\/www.extrasims.es\/web\/noticias\/contraportada-y-4-nuevas-imagenes-de-acln\/","title":{"rendered":"Contraportada y 4 nuevas im\u00e1genes de ACLN"},"content":{"rendered":"<p><img loading=\"lazy\" decoding=\"async\" class=\"alignright\" style=\"margin-left: 10px;\" src=\"http:\/\/www.extrasims.es\/web\/wp-content\/uploads\/\/2022\/10\/ep3_icon.png\" alt=\"\" width=\"62\" height=\"86\" \/><a href=\"http:\/\/i805.photobucket.com\/albums\/yy332\/JaimePG3\/die-sims-3-late-night-backcover.jpg\" target=\"_blank\" rel=\"noopener\"><img decoding=\"async\" class=\"alignleft\" style=\"margin-right: 10px;\" src=\"http:\/\/www.extrasims.es\/web\/wp-content\/uploads\/\/2022\/10\/mini-contracover-art-12.png\" alt=\"\" \/><\/a>Siguen llegando m\u00e1s noticias sobre la nueva expansi\u00f3n Los Sims 3 Al caer la noche. La web alemana <a href=\"http:\/\/simsexchange.de\/\" target=\"_blank\" rel=\"noopener\">SimsExchange<\/a> ha encontrado la contraportada de la expansi\u00f3n que os ense\u00f1amos aqu\u00ed al lado y que como veis ser\u00e1 totalmente negra al igual que la portada. Se trata de la contraportada de la versi\u00f3n alemana, pero en todos los pa\u00edses siempre se suele publicar la misma.<\/p>\n<p>Por otro lado, desde hace unos d\u00edas ya sabemos c\u00f3mo ser\u00e1 el icono desde el  que arrancaremos la expansi\u00f3n. Ya hab\u00edamos actualizado la imagen con la  que ilustramos todas las noticias de Al caer la noche, pero a\u00fan no os lo  hab\u00edamos comentado en una noticia. \u00a1As\u00ed que aqu\u00ed lo pod\u00e9is ver!  Recordad que el juego sale a la venta el 28 de Octubre por 34&#8217;95\u20ac tanto  para PC como para Mac, y que si quer\u00e9is conocer un poco m\u00e1s todas las  caracter\u00edsticas y m\u00e1s im\u00e1genes, puedes consultar <a href=\"http:\/\/www.extrasims.es\/web\/juegos\/lossims3\/expansiones\/al-caer-la-noche\/\" target=\"_self\" rel=\"noopener\">la ficha de la  expansi\u00f3n<\/a> en la web y<a href=\"http:\/\/extrasims.es\/foro\/viewtopic.php?f=6&amp;t=793\" target=\"_blank\" rel=\"noopener\"> el reportaje<\/a> que le dedicamos con toda la  informaci\u00f3n que hab\u00eda hasta la fecha en el foro.<\/p>\n<p>Y por \u00faltimo, <a href=\"http:\/\/www.isims.de\/\" target=\"_blank\" rel=\"noopener\">ISims<\/a> ha publicado en su web cuatro nuevas im\u00e1genes de\u00a0 Al caer la noche que han sido publicadas en el foro oficial del juego. Las puedes ver a continuaci\u00f3n:<\/p>\n<p style=\"text-align: center;\"><a href=\"http:\/\/www.extrasims.es\/web\/wp-content\/uploads\/\/2022\/10\/206_0.jpg\" target=\"_blank\" rel=\"noopener\"><img loading=\"lazy\" decoding=\"async\" class=\"alignnone\" style=\"margin: 3px;\" src=\"http:\/\/www.extrasims.es\/web\/wp-content\/uploads\/\/2022\/10\/206_0.jpg\" alt=\"\" width=\"300\" height=\"168\" \/><\/a><a href=\"http:\/\/www.extrasims.es\/web\/wp-content\/uploads\/\/2022\/10\/207_0.jpg\" target=\"_blank\" rel=\"noopener\"><img loading=\"lazy\" decoding=\"async\" class=\"alignnone\" style=\"margin: 3px;\" src=\"http:\/\/www.extrasims.es\/web\/wp-content\/uploads\/\/2022\/10\/207_0.jpg\" alt=\"\" width=\"300\" height=\"168\" \/><\/a><a href=\"http:\/\/www.extrasims.es\/web\/wp-content\/uploads\/\/2022\/10\/208_0.jpg\" target=\"_blank\" rel=\"noopener\"><img loading=\"lazy\" decoding=\"async\" class=\"alignnone\" style=\"margin: 3px;\" src=\"http:\/\/www.extrasims.es\/web\/wp-content\/uploads\/\/2022\/10\/208_0.jpg\" alt=\"\" width=\"300\" height=\"168\" \/><\/a><a href=\"http:\/\/www.extrasims.es\/web\/wp-content\/uploads\/\/2022\/10\/205_0.jpg\" target=\"_blank\" rel=\"noopener\"><img loading=\"lazy\" decoding=\"async\" class=\"alignnone\" style=\"margin: 3px;\" src=\"http:\/\/www.extrasims.es\/web\/wp-content\/uploads\/\/2022\/10\/205_0.jpg\" alt=\"\" width=\"300\" height=\"168\" \/><\/a><br \/>\n<a href=\"http:\/\/extrasims.es\/foro\/viewtopic.php?f=2&amp;t=838\"><br \/>\n<img loading=\"lazy\" decoding=\"async\" class=\"alignleft\" src=\"http:\/\/www.extrasims.es\/cosas\/otros\/iconos_noticias\/iconos_noticias_comentar.png\" alt=\"\" width=\"267\" height=\"28\" \/><\/a><\/p>\n","protected":false},"excerpt":{"rendered":"<p>Siguen llegando m\u00e1s noticias sobre la nueva expansi\u00f3n Los Sims 3 Al caer la noche. La web alemana SimsExchange ha encontrado la contraportada de la expansi\u00f3n que os ense\u00f1amos aqu\u00ed al lado y que como veis ser\u00e1 totalmente negra al igual que la portada. Se trata de la contraportada de la versi\u00f3n alemana, pero en [&hellip;]<\/p>\n","protected":false},"author":2,"featured_media":0,"comment_status":"closed","ping_status":"open","sticky":false,"template":"","format":"standard","meta":{"ngg_post_thumbnail":0,"footnotes":"","_links_to":"","_links_to_target":""},"categories":[1],"tags":[],"class_list":["post-3049","post","type-post","status-publish","format-standard","hentry","category-general"],"_links":{"self":[{"href":"http:\/\/www.extrasims.es\/web\/wp-json\/wp\/v2\/posts\/3049","targetHints":{"allow":["GET"]}}],"collection":[{"href":"http:\/\/www.extrasims.es\/web\/wp-json\/wp\/v2\/posts"}],"about":[{"href":"http:\/\/www.extrasims.es\/web\/wp-json\/wp\/v2\/types\/post"}],"author":[{"embeddable":true,"href":"http:\/\/www.extrasims.es\/web\/wp-json\/wp\/v2\/users\/2"}],"replies":[{"embeddable":true,"href":"http:\/\/www.extrasims.es\/web\/wp-json\/wp\/v2\/comments?post=3049"}],"version-history":[{"count":1,"href":"http:\/\/www.extrasims.es\/web\/wp-json\/wp\/v2\/posts\/3049\/revisions"}],"predecessor-version":[{"id":5232,"href":"http:\/\/www.extrasims.es\/web\/wp-json\/wp\/v2\/posts\/3049\/revisions\/5232"}],"wp:attachment":[{"href":"http:\/\/www.extrasims.es\/web\/wp-json\/wp\/v2\/media?parent=3049"}],"wp:term":[{"taxonomy":"category","embeddable":true,"href":"http:\/\/www.extrasims.es\/web\/wp-json\/wp\/v2\/categories?post=3049"},{"taxonomy":"post_tag","embeddable":true,"href":"http:\/\/www.extrasims.es\/web\/wp-json\/wp\/v2\/tags?post=3049"}],"curies":[{"name":"wp","href":"https:\/\/api.w.org\/{rel}","templated":true}]}}